[{"@context":"https:\/\/schema.org\/","@type":"Article","@id":"https:\/\/www.defuckto.cz\/proc-zmizela-prakticka-vychova-ze-zakladnich-skol\/#Article","mainEntityOfPage":"https:\/\/www.defuckto.cz\/proc-zmizela-prakticka-vychova-ze-zakladnich-skol\/","headline":"Pro\u010d zmizela praktick\u00e1 v\u00fdchova ze z\u00e1kladn\u00edch \u0161kol?","name":"Pro\u010d zmizela praktick\u00e1 v\u00fdchova ze z\u00e1kladn\u00edch \u0161kol?","description":"Z \u010desk\u00fdch \u0161kol za\u010d\u00ednaj\u00ed pomalu ale jist\u011b mizet p\u0159edm\u011bty, jako d\u0159\u00edve byl pozemky, d\u00edlny nebo va\u0159en\u00ed. Jedn\u00e1 se o p\u0159edm\u011bty, kter\u00e9 b\u00fdvaly d\u0159\u00edve povinn\u00e9 a to je\u0161t\u011b i p\u0159ed n\u011bkolika lety . Dnes tomu tak ale nen\u00ed. Z\u00e1le\u017e\u00ed na konkr\u00e9tn\u00ed \u0161kole, jak se rozhodne a jestli tyto p\u0159edm\u011bty um\u00edst\u00ed alespo\u0148 do voliteln\u00fdch p\u0159edm\u011bt\u016f, kter\u00e9 si...","datePublished":"2019-02-23","dateModified":"2023-05-02","author":{"@type":"Person","@id":"https:\/\/www.defuckto.cz\/author\/#Person","name":"","url":"https:\/\/www.defuckto.cz\/author\/","identifier":1,"image":{"@type":"ImageObject","@id":"https:\/\/secure.gravatar.com\/avatar\/c61c2d82e330ff9c70cf023b4c62d411e8407bcb38f85df591fa270717754b44?s=96&d=mm&r=g","url":"https:\/\/secure.gravatar.com\/avatar\/c61c2d82e330ff9c70cf023b4c62d411e8407bcb38f85df591fa270717754b44?s=96&d=mm&r=g","height":96,"width":96}},"publisher":{"@type":"Organization","name":"defuckto.cz","logo":{"@type":"ImageObject","@id":"\/logo.png","url":"\/logo.png","width":600,"height":60}},"image":{"@type":"ImageObject","@id":"https:\/\/www.defuckto.cz\/wp-content\/uploads\/img_a337888_w2127_t1550768997.jpg","url":"https:\/\/www.defuckto.cz\/wp-content\/uploads\/img_a337888_w2127_t1550768997.jpg","height":0,"width":0},"url":"https:\/\/www.defuckto.cz\/proc-zmizela-prakticka-vychova-ze-zakladnich-skol\/","wordCount":480,"articleBody":"Z \u010desk\u00fdch \u0161kol za\u010d\u00ednaj\u00ed pomalu ale jist\u011b mizet p\u0159edm\u011bty, jako d\u0159\u00edve byl pozemky, d\u00edlny nebo va\u0159en\u00ed. Jedn\u00e1 se o p\u0159edm\u011bty, kter\u00e9 b\u00fdvaly d\u0159\u00edve povinn\u00e9 a to je\u0161t\u011b i p\u0159ed n\u011bkolika lety . Dnes tomu tak ale nen\u00ed. Z\u00e1le\u017e\u00ed na konkr\u00e9tn\u00ed \u0161kole, jak se rozhodne a jestli tyto p\u0159edm\u011bty um\u00edst\u00ed alespo\u0148 do voliteln\u00fdch p\u0159edm\u011bt\u016f, kter\u00e9 si budou \u017e\u00e1ci moci dobrovoln\u011b zvolit. Z osnov n\u011bkter\u00fdch z\u00e1kladn\u00edch \u0161kol bohu\u017eel tyto p\u0159edm\u011bty zmizely \u00fapln\u011b a nadobro. U\u010ditel\u00e9 \u010dasto nav\u00edc argumentuj\u00ed t\u00edm, \u017ee na jejich vyu\u010dov\u00e1n\u00ed nemaj\u00ed dostatek prostoru a to t\u00edm, \u017ee o n\u011b \u017e\u00e1ci nemaj\u00ed z\u00e1jem. Argumentuj\u00ed krom\u011b toho tak\u00e9 t\u00edm, \u017ee dne\u0161n\u00ed doba vy\u017eaduje \u00fapln\u011b jin\u00e9 p\u0159edm\u011bty. Mo\u017en\u00e1 na nich najdeme ale \u0161petku pravdy. Skute\u010dnost je ale takov\u00e1, \u017ee pozemky, kter\u00e9 m\u011bly d\u0159\u00edve v\u0161echny \u0161koly k dispozici, rad\u011bji zatravnily a ud\u011blaly z nich rekrea\u010dn\u00ed nebo sportovn\u00ed z\u00f3nu. Z prostor\u016f, kter\u00e9 byly ur\u010deny pro d\u00edly a kuchy\u0148, se staly oby\u010dejn\u00e9 u\u010debny. Jak v\u0161ichni moc dob\u0159e v\u00edme, z\u00e1jem \u017e\u00e1k\u016f se odv\u00edj\u00ed hlavn\u011b od nab\u00eddky p\u0159edm\u011bt\u016f a toho, jakou na n\u011bj ud\u011blali vyu\u010duj\u00edc\u00ed reklamu. Pokud jde o n\u00e1roky dne\u0161n\u00ed doby, mnoha \u017e\u00e1k\u016fm by tento typ v\u00fduky jen prosp\u011bl, proto\u017ee s t\u00edm, jak z\u00e1kladn\u00ed pr\u00e1ce miz\u00ed z dom\u00e1cnost\u00ed, by se je d\u011bti m\u011bly nau\u010dit alespo\u0148 ve \u0161kole. Ne ka\u017ed\u00e9 d\u00edt\u011b se rozhodne j\u00edt studovat vysokou \u0161kolu a bude si moct vyb\u00edrat, co bude nebo nebude v \u017eivot\u011b d\u011blat. \u010c\u00edm d\u00e1l v\u00edce se ve ve\u0159ejn\u00e9m prostoru oz\u00fdvaj\u00ed hlasy majitel\u016f r\u016fzn\u00fdch podnik\u016f a u\u010ditel\u016f u\u010d\u0148ovsk\u00fdch \u0161kol, \u017ee absolventi z\u00e1kladn\u00edch \u0161kol nemaj\u00ed \u017e\u00e1dn\u00e9 praktick\u00e9 zku\u0161enosti a chyb\u00ed jim z\u00e1kladn\u00ed znalosti dovednost\u00ed. Nen\u00ed se tedy \u010demu divit. Sta\u010d\u00ed se jen pod\u00edvat na generaci dne\u0161n\u00edch mu\u017e\u016f. M\u00e1lokter\u00fd v dne\u0161n\u00ed dob\u011b um\u00ed vz\u00edt do ruky klad\u00edvko a \u0161roubov\u00e1k a n\u00e1sledn\u011b prov\u00e9st z\u00e1kladn\u00ed opravy v dom\u00e1cnosti, nato\u017e aby n\u011bco s\u00e1m vytvo\u0159il. Stejn\u011b tak velk\u00e1 spousta \u017een neum\u00ed ani po\u0159\u00e1dn\u011b va\u0159it. Velk\u00e1 spousta \u017een ani mu\u017e\u016f neum\u00ed ani po\u0159\u00e1dn\u011b nic zasadit nebo dokonce vyp\u011bstovat. Nejsou schopni poznat jednotliv\u00e9 druhy zeleniny, nebo v\u016fbec netu\u0161\u00ed, jak se o n\u011b postarat. Takov\u00fd v\u00fdvoj k nesamostatnosti a neschopnosti m\u016f\u017ee v budoucnu velmi zamrzet. Neschopnost zajistit si \u017eivotn\u00ed pot\u0159eby m\u016f\u017ee v\u00e9st a\u017e k z\u00e1vislosti, kter\u00e1 m\u016f\u017ee v\u00e9st a\u017e k vyd\u00edr\u00e1n\u00ed.                                                                                                                                                                                                                                                                                                                                                                                        4.4\/5 - (7 votes)        "},{"@context":"https:\/\/schema.org\/","@type":"BreadcrumbList","itemListElement":[{"@type":"ListItem","position":1,"name":"Pro\u010d zmizela praktick\u00e1 v\u00fdchova ze z\u00e1kladn\u00edch \u0161kol?","item":"https:\/\/www.defuckto.cz\/proc-zmizela-prakticka-vychova-ze-zakladnich-skol\/#breadcrumbitem"}]}]